{"id":6373,"date":"2026-09-03T16:30:20","date_gmt":"2026-09-03T16:30:20","guid":{"rendered":"https:\/\/oimt.ismt.pt\/?p=6373"},"modified":"2026-09-03T16:30:20","modified_gmt":"2026-09-03T16:30:20","slug":"tecnicoa-superior-na-area-de-audiovisual-estagio-talento-nivel-vi","status":"publish","type":"post","link":"https:\/\/oimt.ismt.pt\/?p=6373","title":{"rendered":"T\u00e9cnico(a) Superior na \u00e1rea de Audiovisual Est\u00e1gio + Talento \u2013 N\u00edvel VI"},"content":{"rendered":"\n<p>A Santa Casa da Miseric\u00f3rdia de Albufeira admite est\u00e1gio + Talento para a equipa de Comunica\u00e7\u00e3o e Imagem na \u00e1rea de Audiovisual.<\/p>\n\n\n\n<p><strong>Fun\u00e7\u00f5es:<\/strong><\/p>\n\n\n\n<ul>\n<li>Capta\u00e7\u00e3o e edi\u00e7\u00e3o de imagem (fotografia e v\u00eddeo) das atividades di\u00e1rias, eventos e efem\u00e9rides das v\u00e1rias Respostas Sociais;<\/li>\n\n\n\n<li>Produ\u00e7\u00e3o e p\u00f3s-produ\u00e7\u00e3o de conte\u00fados em formato de v\u00eddeo curto (Reels, TikTok, Shorts) e v\u00eddeos institucionais de balan\u00e7o;<\/li>\n\n\n\n<li>Cobertura audiovisual de confer\u00eancias, feiras solid\u00e1rias, parcerias e din\u00e2micas de articula\u00e7\u00e3o com a comunidade;<\/li>\n\n\n\n<li>Cria\u00e7\u00e3o de arquivos digitais organizados de matriz audiovisual, garantindo a prote\u00e7\u00e3o e direitos de imagem dos utentes e colaboradores;<\/li>\n\n\n\n<li>Desenvolvimento de metodologias de capta\u00e7\u00e3o r\u00e1pida e eficaz em ambiente institucional, otimizando os recursos t\u00e9cnicos dispon\u00edveis.<\/li>\n<\/ul>\n\n\n\n<p><strong>Requisitos:<\/strong><\/p>\n\n\n\n<ul>\n<li>Eleg\u00edvel para a realiza\u00e7\u00e3o de Est\u00e1gio ao abrigo da medida Est\u00e1gios +Talento (<a href=\"https:\/\/iefponline.iefp.pt\/IEFP\/medida\/estagios-mais-talento\/overview.jsp\" target=\"_blank\" rel=\"noreferrer noopener\">https:\/\/iefponline.iefp.pt\/IEFP\/medida\/estagios-mais-talento\/overview.jsp<\/a>);\u00a0<\/li>\n\n\n\n<li>Forma\u00e7\u00e3o em Cinema, Audiovisual, Multim\u00e9dia, Comunica\u00e7\u00e3o Audiovisual ou \u00e1reas afins \u2013 N\u00edvel VI (fator eliminat\u00f3rio);<\/li>\n\n\n\n<li>Perfil criativo e com sensibilidade visual para desenvolver conte\u00fados gr\u00e1ficos e audiovisuais de forma profissional e coerente com a identidade da institui\u00e7\u00e3o;<\/li>\n\n\n\n<li>Resid\u00eancia no concelho de Albufeira (preferencial);<\/li>\n\n\n\n<li>Capacidade de trabalhar em equipa.<\/li>\n<\/ul>\n\n\n\n<p><strong>Oferece-se:<\/strong><\/p>\n\n\n\n<ul>\n<li>Bolsa de Est\u00e1gio \u2013 N\u00edvel 6;<\/li>\n\n\n\n<li>Subs\u00eddio de Alimenta\u00e7\u00e3o.<\/li>\n<\/ul>\n\n\n\n<p>Se tem o perfil descrito e preenche os requisitos envie o seu CV, para: <a href=\"mailto:recrutamento@scmalbufeira.com\">recrutamento@scmalbufeira.com<\/a><\/p>\n\n\n\n<p>S\u00f3 ser\u00e3o aceites candidaturas apresentadas por esta via.<\/p>\n\n\n\n<p>Mais informa\u00e7\u00f5es: <a href=\"https:\/\/www.misericordiaalbufeira.com\/tecnicoa-superior-na-area-de-audiovisual-estagio-talento-nivel-vi\/\">T\u00e9cnico(a) Superior na \u00e1rea de Audiovisual Est\u00e1gio + Talento \u2013 N\u00edvel VI | Santa Casa da Miseric\u00f3rdia de Albufeira<\/a><\/p>\n","protected":false},"excerpt":{"rendered":"<p>A Santa Casa da Miseric\u00f3rdia de Albufeira admite est\u00e1gio + Talento para a equipa de Comunica\u00e7\u00e3o e Imagem na \u00e1rea de Audiovisual. Fun\u00e7\u00f5es: Requisitos: Oferece-se: Se tem o perfil descrito e preenche os requisitos envie o seu CV, para: recrutamento@scmalbufeira.com &hellip; <a href=\"https:\/\/oimt.ismt.pt\/?p=6373\">Continuar a ler <span class=\"meta-nav\">&rarr;<\/span><\/a><\/p>\n","protected":false},"author":7,"featured_media":0,"comment_status":"closed","ping_status":"closed","sticky":false,"template":"","format":"standard","meta":{"footnotes":""},"categories":[4,1,3],"tags":[],"_links":{"self":[{"href":"https:\/\/oimt.ismt.pt\/index.php?rest_route=\/wp\/v2\/posts\/6373"}],"collection":[{"href":"https:\/\/oimt.ismt.pt\/index.php?rest_route=\/wp\/v2\/posts"}],"about":[{"href":"https:\/\/oimt.ismt.pt\/index.php?rest_route=\/wp\/v2\/types\/post"}],"author":[{"embeddable":true,"href":"https:\/\/oimt.ismt.pt\/index.php?rest_route=\/wp\/v2\/users\/7"}],"replies":[{"embeddable":true,"href":"https:\/\/oimt.ismt.pt\/index.php?rest_route=%2Fwp%2Fv2%2Fcomments&post=6373"}],"version-history":[{"count":1,"href":"https:\/\/oimt.ismt.pt\/index.php?rest_route=\/wp\/v2\/posts\/6373\/revisions"}],"predecessor-version":[{"id":6374,"href":"https:\/\/oimt.ismt.pt\/index.php?rest_route=\/wp\/v2\/posts\/6373\/revisions\/6374"}],"wp:attachment":[{"href":"https:\/\/oimt.ismt.pt\/index.php?rest_route=%2Fwp%2Fv2%2Fmedia&parent=6373"}],"wp:term":[{"taxonomy":"category","embeddable":true,"href":"https:\/\/oimt.ismt.pt\/index.php?rest_route=%2Fwp%2Fv2%2Fcategories&post=6373"},{"taxonomy":"post_tag","embeddable":true,"href":"https:\/\/oimt.ismt.pt\/index.php?rest_route=%2Fwp%2Fv2%2Ftags&post=6373"}],"curies":[{"name":"wp","href":"https:\/\/api.w.org\/{rel}","templated":true}]}}