{"id":6366,"date":"2026-09-03T16:09:57","date_gmt":"2026-09-03T16:09:57","guid":{"rendered":"https:\/\/oimt.ismt.pt\/?p=6366"},"modified":"2026-09-03T16:09:57","modified_gmt":"2026-09-03T16:09:57","slug":"estagiar-estagios-curriculares-e-extracurriculares-programa-de-estagios-da-assembleia-da-republica","status":"publish","type":"post","link":"https:\/\/oimt.ismt.pt\/?p=6366","title":{"rendered":"\u00a0EstagiAR | Est\u00e1gios curriculares e extracurriculares: Programa de est\u00e1gios da Assembleia da Rep\u00fablica"},"content":{"rendered":"\n<p>Queres p\u00f4r em pr\u00e1tica o que aprendeste e conhecer de perto o funcionamento da institui\u00e7\u00e3o central da democracia portuguesa?<\/p>\n\n\n\n<p>O programa EstagiAR abre-te as portas da Assembleia da Rep\u00fablica, com est\u00e1gios curriculares e extracurriculares em v\u00e1rios servi\u00e7os parlamentares.<\/p>\n\n\n\n<p>Esta \u00e9 uma oportunidade para aplicares os teus conhecimentos num contexto real de trabalho, descobrires as responsabilidades e compet\u00eancias dos servi\u00e7os da Assembleia da Rep\u00fablica e desenvolveres capacidades importantes para o teu futuro profissional.<\/p>\n\n\n\n<p>\u00c1reas dispon\u00edveis:<\/p>\n\n\n\n<p>Est\u00e1gios curriculares \u2014 integrados no plano de estudos: Direito; Arquivo, Biblioteca e Documenta\u00e7\u00e3o; Jornalismo e Comunica\u00e7\u00e3o Social<\/p>\n\n\n\n<p>Est\u00e1gios extracurriculares \u2014 candidatura direta: Cidadania e Servi\u00e7os Educativos; Revis\u00e3o e Edi\u00e7\u00e3o de Texto; Gest\u00e3o de Recursos Humanos<\/p>\n\n\n\n<p>Candidaturas at\u00e9 18 de setembro de 2026.<\/p>\n\n\n\n<p>Mais informa\u00e7\u00f5es em: <a href=\"https:\/\/www.parlamento.pt\/GestaoAR\/Paginas\/estagiar.aspx?fbclid=IwcGRvZgVleHRuA2FlbQIxMABzcnRjBmFwcF9pZBAyMjIwMzkxNzg4MjAwODkyAAEeUaPHUP6w-9OXDJvmCHfK3sSLu6VhJDXhu4BijUikSRVyzEQMnWSBrQ0-HAk_aem_d_-jI1J_WV6Z8ULmIFfCpw\" rel=\"noreferrer noopener\" target=\"_blank\">https:\/\/www.parlamento.pt\/GestaoAR\/Paginas\/estagiar.aspx<\/a><\/p>\n","protected":false},"excerpt":{"rendered":"<p>Queres p\u00f4r em pr\u00e1tica o que aprendeste e conhecer de perto o funcionamento da institui\u00e7\u00e3o central da democracia portuguesa? O programa EstagiAR abre-te as portas da Assembleia da Rep\u00fablica, com est\u00e1gios curriculares e extracurriculares em v\u00e1rios servi\u00e7os parlamentares. Esta \u00e9 &hellip; <a href=\"https:\/\/oimt.ismt.pt\/?p=6366\">Continuar a ler <span class=\"meta-nav\">&rarr;<\/span><\/a><\/p>\n","protected":false},"author":7,"featured_media":0,"comment_status":"closed","ping_status":"closed","sticky":false,"template":"","format":"standard","meta":{"footnotes":""},"categories":[4,1,3,5],"tags":[],"_links":{"self":[{"href":"https:\/\/oimt.ismt.pt\/index.php?rest_route=\/wp\/v2\/posts\/6366"}],"collection":[{"href":"https:\/\/oimt.ismt.pt\/index.php?rest_route=\/wp\/v2\/posts"}],"about":[{"href":"https:\/\/oimt.ismt.pt\/index.php?rest_route=\/wp\/v2\/types\/post"}],"author":[{"embeddable":true,"href":"https:\/\/oimt.ismt.pt\/index.php?rest_route=\/wp\/v2\/users\/7"}],"replies":[{"embeddable":true,"href":"https:\/\/oimt.ismt.pt\/index.php?rest_route=%2Fwp%2Fv2%2Fcomments&post=6366"}],"version-history":[{"count":2,"href":"https:\/\/oimt.ismt.pt\/index.php?rest_route=\/wp\/v2\/posts\/6366\/revisions"}],"predecessor-version":[{"id":6368,"href":"https:\/\/oimt.ismt.pt\/index.php?rest_route=\/wp\/v2\/posts\/6366\/revisions\/6368"}],"wp:attachment":[{"href":"https:\/\/oimt.ismt.pt\/index.php?rest_route=%2Fwp%2Fv2%2Fmedia&parent=6366"}],"wp:term":[{"taxonomy":"category","embeddable":true,"href":"https:\/\/oimt.ismt.pt\/index.php?rest_route=%2Fwp%2Fv2%2Fcategories&post=6366"},{"taxonomy":"post_tag","embeddable":true,"href":"https:\/\/oimt.ismt.pt\/index.php?rest_route=%2Fwp%2Fv2%2Ftags&post=6366"}],"curies":[{"name":"wp","href":"https:\/\/api.w.org\/{rel}","templated":true}]}}