{"id":6364,"date":"2026-09-03T15:59:07","date_gmt":"2026-09-03T15:59:07","guid":{"rendered":"https:\/\/oimt.ismt.pt\/?p=6364"},"modified":"2026-09-03T15:59:07","modified_gmt":"2026-09-03T15:59:07","slug":"appacdm-coimbra-recrutamento-de-assistente-social-m-f","status":"publish","type":"post","link":"https:\/\/oimt.ismt.pt\/?p=6364","title":{"rendered":"APPACDM Coimbra &#8211; Recrutamento de Assistente Social (M\/F)"},"content":{"rendered":"\n<p>A APPACDM Coimbra est\u00e1 a recrutar um(a) Assistente Social para integrar a equipa da sua Unidade Funcional da Tocha.<\/p>\n\n\n\n<p>Procuram um(a) profissional motivado(a), respons\u00e1vel e com especial sensibilidade para o acompanhamento de pessoas com defici\u00eancia intelectual e incapacidades, contribuindo para a promo\u00e7\u00e3o da sua inclus\u00e3o, autonomia, participa\u00e7\u00e3o e qualidade de vida, em conson\u00e2ncia com a miss\u00e3o e os valores da Institui\u00e7\u00e3o.<\/p>\n\n\n\n<p><img loading=\"lazy\" decoding=\"async\" height=\"16\" width=\"16\" src=\"https:\/\/static.xx.fbcdn.net\/images\/emoji.php\/v9\/t25\/1\/16\/1f393.png\" alt=\"&#x1f393;\"> Requisito obrigat\u00f3rio: Forma\u00e7\u00e3o superior em Servi\u00e7o Social.<\/p>\n\n\n\n<p>Perfil pretendido:<\/p>\n\n\n\n<p>Motiva\u00e7\u00e3o e sensibilidade para trabalhar com pessoas com defici\u00eancia intelectual e incapacidades, atendendo \u00e0s suas necessidades espec\u00edficas;<\/p>\n\n\n\n<p>Elevado sentido de responsabilidade, autonomia, dinamismo, assertividade, empatia e compromisso;<\/p>\n\n\n\n<p>Boa capacidade de planeamento e organiza\u00e7\u00e3o;<\/p>\n\n\n\n<p>Facilidade de comunica\u00e7\u00e3o, relacionamento interpessoal e trabalho em equipa;<\/p>\n\n\n\n<p>Flexibilidade hor\u00e1ria;<\/p>\n\n\n\n<p>Transporte pr\u00f3prio.<\/p>\n\n\n\n<p><img loading=\"lazy\" decoding=\"async\" height=\"16\" width=\"16\" alt=\"&#x1f4c5;\" src=\"https:\/\/static.xx.fbcdn.net\/images\/emoji.php\/v9\/t7e\/1\/16\/1f4c5.png\"> Candidaturas at\u00e9 4 de Setembro de 2026<\/p>\n\n\n\n<p><img loading=\"lazy\" decoding=\"async\" height=\"16\" width=\"16\" alt=\"&#x1f4e9;\" src=\"https:\/\/static.xx.fbcdn.net\/images\/emoji.php\/v9\/tc0\/1\/16\/1f4e9.png\"> Enviar Curriculum Vitae e Carta de Motiva\u00e7\u00e3o para:<\/p>\n\n\n\n<p>recrutamento@appacdmcoimbra.pt<\/p>\n\n\n\n<p><img loading=\"lazy\" decoding=\"async\" height=\"16\" width=\"16\" alt=\"&#x1f4dd;\" src=\"https:\/\/static.xx.fbcdn.net\/images\/emoji.php\/v9\/tcc\/1\/16\/1f4dd.png\"> Assunto: \u201cASSISTENTE SOCIAL \u2013 TOCHA\u201d<\/p>\n\n\n\n<p>Junta-te a uma equipa empenhada em promover inclus\u00e3o, autonomia e qualidade de vida.<\/p>\n\n\n\n<p>.<\/p>\n","protected":false},"excerpt":{"rendered":"<p>A APPACDM Coimbra est\u00e1 a recrutar um(a) Assistente Social para integrar a equipa da sua Unidade Funcional da Tocha. Procuram um(a) profissional motivado(a), respons\u00e1vel e com especial sensibilidade para o acompanhamento de pessoas com defici\u00eancia intelectual e incapacidades, contribuindo para &hellip; <a href=\"https:\/\/oimt.ismt.pt\/?p=6364\">Continuar a ler <span class=\"meta-nav\">&rarr;<\/span><\/a><\/p>\n","protected":false},"author":7,"featured_media":0,"comment_status":"closed","ping_status":"closed","sticky":false,"template":"","format":"standard","meta":{"footnotes":""},"categories":[4,1,3],"tags":[],"_links":{"self":[{"href":"https:\/\/oimt.ismt.pt\/index.php?rest_route=\/wp\/v2\/posts\/6364"}],"collection":[{"href":"https:\/\/oimt.ismt.pt\/index.php?rest_route=\/wp\/v2\/posts"}],"about":[{"href":"https:\/\/oimt.ismt.pt\/index.php?rest_route=\/wp\/v2\/types\/post"}],"author":[{"embeddable":true,"href":"https:\/\/oimt.ismt.pt\/index.php?rest_route=\/wp\/v2\/users\/7"}],"replies":[{"embeddable":true,"href":"https:\/\/oimt.ismt.pt\/index.php?rest_route=%2Fwp%2Fv2%2Fcomments&post=6364"}],"version-history":[{"count":1,"href":"https:\/\/oimt.ismt.pt\/index.php?rest_route=\/wp\/v2\/posts\/6364\/revisions"}],"predecessor-version":[{"id":6365,"href":"https:\/\/oimt.ismt.pt\/index.php?rest_route=\/wp\/v2\/posts\/6364\/revisions\/6365"}],"wp:attachment":[{"href":"https:\/\/oimt.ismt.pt\/index.php?rest_route=%2Fwp%2Fv2%2Fmedia&parent=6364"}],"wp:term":[{"taxonomy":"category","embeddable":true,"href":"https:\/\/oimt.ismt.pt\/index.php?rest_route=%2Fwp%2Fv2%2Fcategories&post=6364"},{"taxonomy":"post_tag","embeddable":true,"href":"https:\/\/oimt.ismt.pt\/index.php?rest_route=%2Fwp%2Fv2%2Ftags&post=6364"}],"curies":[{"name":"wp","href":"https:\/\/api.w.org\/{rel}","templated":true}]}}